{"id":49377,"date":"2024-10-16T15:31:35","date_gmt":"2024-10-16T18:31:35","guid":{"rendered":"https:\/\/www.vikwine.com\/?p=49377"},"modified":"2024-12-17T11:56:04","modified_gmt":"2024-12-17T14:56:04","slug":"drinksbusinessgreenawards2024","status":"publish","type":"post","link":"https:\/\/www.vikwine.com\/pt-br\/drinksbusinessgreenawards2024\/","title":{"rendered":"VIK \u00c9 FINALISTA EM DUAS CATEGORIAS NO DRINKS BUSINESS GREEN AWARDS 2024"},"content":{"rendered":"","protected":false},"excerpt":{"rendered":"","protected":false},"author":1562,"featured_media":49378,"comment_status":"closed","ping_status":"closed","sticky":false,"template":"","format":"standard","meta":{"_acf_changed":false,"footnotes":""},"categories":[338,346,370],"tags":[],"acf":[],"yoast_head":"<!-- This site is optimized with the Yoast SEO plugin v22.8 - https:\/\/yoast.com\/wordpress\/plugins\/seo\/ -->\n<title>VIK \u00c9 FINALISTA EM DUAS CATEGORIAS NO DRINKS BUSINESS GREEN AWARDS 2024 - Vik<\/title>\n<meta name=\"description\" content=\"Pela primeira vez, o nosso \u00edcone VIK obt\u00e9m 100 pontos com sua \u00faltima safra, uma conquista extraordin\u00e1ria para uma vin\u00edcola com apenas 20 anos de hist\u00f3ria\" \/>\n<meta name=\"robots\" content=\"index, follow, max-snippet:-1, max-image-preview:large, max-video-preview:-1\" \/>\n<link rel=\"canonical\" href=\"https:\/\/www.vikwine.com\/pt-br\/drinksbusinessgreenawards2024\/\" \/>\n<meta property=\"og:locale\" content=\"pt_BR\" \/>\n<meta property=\"og:type\" content=\"article\" \/>\n<meta property=\"og:title\" content=\"VIK \u00c9 FINALISTA EM DUAS CATEGORIAS NO DRINKS BUSINESS GREEN AWARDS 2024 - Vik\" \/>\n<meta property=\"og:description\" content=\"Pela primeira vez, o nosso \u00edcone VIK obt\u00e9m 100 pontos com sua \u00faltima safra, uma conquista extraordin\u00e1ria para uma vin\u00edcola com apenas 20 anos de hist\u00f3ria\" \/>\n<meta property=\"og:url\" content=\"https:\/\/www.vikwine.com\/pt-br\/drinksbusinessgreenawards2024\/\" \/>\n<meta property=\"og:site_name\" content=\"Vik\" \/>\n<meta property=\"article:published_time\" content=\"2024-10-16T18:31:35+00:00\" \/>\n<meta property=\"article:modified_time\" content=\"2024-12-17T14:56:04+00:00\" \/>\n<meta property=\"og:image\" content=\"https:\/\/www.vikwine.com\/wp-content\/uploads\/2024\/10\/PORTADA-DB-GREEN-AWARDS-1.jpg\" \/>\n\t<meta property=\"og:image:width\" content=\"1366\" \/>\n\t<meta property=\"og:image:height\" content=\"626\" \/>\n\t<meta property=\"og:image:type\" content=\"image\/jpeg\" \/>\n<meta name=\"author\" content=\"Fe\u00f1a Letelier\" \/>\n<meta name=\"twitter:card\" content=\"summary_large_image\" \/>\n<meta name=\"twitter:label1\" content=\"Written by\" \/>\n\t<meta name=\"twitter:data1\" content=\"Fe\u00f1a Letelier\" \/>\n\t<meta name=\"twitter:label2\" content=\"Est. reading time\" \/>\n\t<meta name=\"twitter:data2\" content=\"1 minuto\" \/>\n<script type=\"application\/ld+json\" class=\"yoast-schema-graph\">{\"@context\":\"https:\/\/schema.org\",\"@graph\":[{\"@type\":\"WebPage\",\"@id\":\"https:\/\/www.vikwine.com\/pt-br\/drinksbusinessgreenawards2024\/\",\"url\":\"https:\/\/www.vikwine.com\/pt-br\/drinksbusinessgreenawards2024\/\",\"name\":\"VIK \u00c9 FINALISTA EM DUAS CATEGORIAS NO DRINKS BUSINESS GREEN AWARDS 2024 - Vik\",\"isPartOf\":{\"@id\":\"https:\/\/www.vikwine.com\/#website\"},\"primaryImageOfPage\":{\"@id\":\"https:\/\/www.vikwine.com\/pt-br\/drinksbusinessgreenawards2024\/#primaryimage\"},\"image\":{\"@id\":\"https:\/\/www.vikwine.com\/pt-br\/drinksbusinessgreenawards2024\/#primaryimage\"},\"thumbnailUrl\":\"https:\/\/www.vikwine.com\/wp-content\/uploads\/2024\/10\/PORTADA-DB-GREEN-AWARDS-1.jpg\",\"datePublished\":\"2024-10-16T18:31:35+00:00\",\"dateModified\":\"2024-12-17T14:56:04+00:00\",\"author\":{\"@id\":\"https:\/\/www.vikwine.com\/#\/schema\/person\/9b252d9a0ab9802af96eb3a56509aceb\"},\"description\":\"Pela primeira vez, o nosso \u00edcone VIK obt\u00e9m 100 pontos com sua \u00faltima safra, uma conquista extraordin\u00e1ria para uma vin\u00edcola com apenas 20 anos de hist\u00f3ria\",\"breadcrumb\":{\"@id\":\"https:\/\/www.vikwine.com\/pt-br\/drinksbusinessgreenawards2024\/#breadcrumb\"},\"inLanguage\":\"pt-BR\",\"potentialAction\":[{\"@type\":\"ReadAction\",\"target\":[\"https:\/\/www.vikwine.com\/pt-br\/drinksbusinessgreenawards2024\/\"]}]},{\"@type\":\"ImageObject\",\"inLanguage\":\"pt-BR\",\"@id\":\"https:\/\/www.vikwine.com\/pt-br\/drinksbusinessgreenawards2024\/#primaryimage\",\"url\":\"https:\/\/www.vikwine.com\/wp-content\/uploads\/2024\/10\/PORTADA-DB-GREEN-AWARDS-1.jpg\",\"contentUrl\":\"https:\/\/www.vikwine.com\/wp-content\/uploads\/2024\/10\/PORTADA-DB-GREEN-AWARDS-1.jpg\",\"width\":1366,\"height\":626},{\"@type\":\"BreadcrumbList\",\"@id\":\"https:\/\/www.vikwine.com\/pt-br\/drinksbusinessgreenawards2024\/#breadcrumb\",\"itemListElement\":[{\"@type\":\"ListItem\",\"position\":1,\"name\":\"Home\",\"item\":\"https:\/\/www.vikwine.com\/pt-br\/\"},{\"@type\":\"ListItem\",\"position\":2,\"name\":\"VIK \u00c9 FINALISTA EM DUAS CATEGORIAS NO DRINKS BUSINESS GREEN AWARDS 2024\"}]},{\"@type\":\"WebSite\",\"@id\":\"https:\/\/www.vikwine.com\/#website\",\"url\":\"https:\/\/www.vikwine.com\/\",\"name\":\"Vik\",\"description\":\"Vi\u00f1a Hol\u00edstica\",\"potentialAction\":[{\"@type\":\"SearchAction\",\"target\":{\"@type\":\"EntryPoint\",\"urlTemplate\":\"https:\/\/www.vikwine.com\/?s={search_term_string}\"},\"query-input\":\"required name=search_term_string\"}],\"inLanguage\":\"pt-BR\"},{\"@type\":\"Person\",\"@id\":\"https:\/\/www.vikwine.com\/#\/schema\/person\/9b252d9a0ab9802af96eb3a56509aceb\",\"name\":\"Fe\u00f1a Letelier\",\"image\":{\"@type\":\"ImageObject\",\"inLanguage\":\"pt-BR\",\"@id\":\"https:\/\/www.vikwine.com\/#\/schema\/person\/image\/\",\"url\":\"https:\/\/secure.gravatar.com\/avatar\/71a7dea4a9da7d810e52a1b3f59a1092?s=96&d=mm&r=g\",\"contentUrl\":\"https:\/\/secure.gravatar.com\/avatar\/71a7dea4a9da7d810e52a1b3f59a1092?s=96&d=mm&r=g\",\"caption\":\"Fe\u00f1a Letelier\"},\"sameAs\":[\"http:\/\/vikwine.com\"],\"url\":\"https:\/\/www.vikwine.com\/pt-br\/author\/mletelier\/\"}]}<\/script>\n<!-- \/ Yoast SEO plugin. -->","yoast_head_json":{"title":"VIK \u00c9 FINALISTA EM DUAS CATEGORIAS NO DRINKS BUSINESS GREEN AWARDS 2024 - Vik","description":"Pela primeira vez, o nosso \u00edcone VIK obt\u00e9m 100 pontos com sua \u00faltima safra, uma conquista extraordin\u00e1ria para uma vin\u00edcola com apenas 20 anos de hist\u00f3ria","robots":{"index":"index","follow":"follow","max-snippet":"max-snippet:-1","max-image-preview":"max-image-preview:large","max-video-preview":"max-video-preview:-1"},"canonical":"https:\/\/www.vikwine.com\/pt-br\/drinksbusinessgreenawards2024\/","og_locale":"pt_BR","og_type":"article","og_title":"VIK \u00c9 FINALISTA EM DUAS CATEGORIAS NO DRINKS BUSINESS GREEN AWARDS 2024 - Vik","og_description":"Pela primeira vez, o nosso \u00edcone VIK obt\u00e9m 100 pontos com sua \u00faltima safra, uma conquista extraordin\u00e1ria para uma vin\u00edcola com apenas 20 anos de hist\u00f3ria","og_url":"https:\/\/www.vikwine.com\/pt-br\/drinksbusinessgreenawards2024\/","og_site_name":"Vik","article_published_time":"2024-10-16T18:31:35+00:00","article_modified_time":"2024-12-17T14:56:04+00:00","og_image":[{"width":1366,"height":626,"url":"https:\/\/www.vikwine.com\/wp-content\/uploads\/2024\/10\/PORTADA-DB-GREEN-AWARDS-1.jpg","type":"image\/jpeg"}],"author":"Fe\u00f1a Letelier","twitter_card":"summary_large_image","twitter_misc":{"Written by":"Fe\u00f1a Letelier","Est. reading time":"1 minuto"},"schema":{"@context":"https:\/\/schema.org","@graph":[{"@type":"WebPage","@id":"https:\/\/www.vikwine.com\/pt-br\/drinksbusinessgreenawards2024\/","url":"https:\/\/www.vikwine.com\/pt-br\/drinksbusinessgreenawards2024\/","name":"VIK \u00c9 FINALISTA EM DUAS CATEGORIAS NO DRINKS BUSINESS GREEN AWARDS 2024 - Vik","isPartOf":{"@id":"https:\/\/www.vikwine.com\/#website"},"primaryImageOfPage":{"@id":"https:\/\/www.vikwine.com\/pt-br\/drinksbusinessgreenawards2024\/#primaryimage"},"image":{"@id":"https:\/\/www.vikwine.com\/pt-br\/drinksbusinessgreenawards2024\/#primaryimage"},"thumbnailUrl":"https:\/\/www.vikwine.com\/wp-content\/uploads\/2024\/10\/PORTADA-DB-GREEN-AWARDS-1.jpg","datePublished":"2024-10-16T18:31:35+00:00","dateModified":"2024-12-17T14:56:04+00:00","author":{"@id":"https:\/\/www.vikwine.com\/#\/schema\/person\/9b252d9a0ab9802af96eb3a56509aceb"},"description":"Pela primeira vez, o nosso \u00edcone VIK obt\u00e9m 100 pontos com sua \u00faltima safra, uma conquista extraordin\u00e1ria para uma vin\u00edcola com apenas 20 anos de hist\u00f3ria","breadcrumb":{"@id":"https:\/\/www.vikwine.com\/pt-br\/drinksbusinessgreenawards2024\/#breadcrumb"},"inLanguage":"pt-BR","potentialAction":[{"@type":"ReadAction","target":["https:\/\/www.vikwine.com\/pt-br\/drinksbusinessgreenawards2024\/"]}]},{"@type":"ImageObject","inLanguage":"pt-BR","@id":"https:\/\/www.vikwine.com\/pt-br\/drinksbusinessgreenawards2024\/#primaryimage","url":"https:\/\/www.vikwine.com\/wp-content\/uploads\/2024\/10\/PORTADA-DB-GREEN-AWARDS-1.jpg","contentUrl":"https:\/\/www.vikwine.com\/wp-content\/uploads\/2024\/10\/PORTADA-DB-GREEN-AWARDS-1.jpg","width":1366,"height":626},{"@type":"BreadcrumbList","@id":"https:\/\/www.vikwine.com\/pt-br\/drinksbusinessgreenawards2024\/#breadcrumb","itemListElement":[{"@type":"ListItem","position":1,"name":"Home","item":"https:\/\/www.vikwine.com\/pt-br\/"},{"@type":"ListItem","position":2,"name":"VIK \u00c9 FINALISTA EM DUAS CATEGORIAS NO DRINKS BUSINESS GREEN AWARDS 2024"}]},{"@type":"WebSite","@id":"https:\/\/www.vikwine.com\/#website","url":"https:\/\/www.vikwine.com\/","name":"Vik","description":"Vi\u00f1a Hol\u00edstica","potentialAction":[{"@type":"SearchAction","target":{"@type":"EntryPoint","urlTemplate":"https:\/\/www.vikwine.com\/?s={search_term_string}"},"query-input":"required name=search_term_string"}],"inLanguage":"pt-BR"},{"@type":"Person","@id":"https:\/\/www.vikwine.com\/#\/schema\/person\/9b252d9a0ab9802af96eb3a56509aceb","name":"Fe\u00f1a Letelier","image":{"@type":"ImageObject","inLanguage":"pt-BR","@id":"https:\/\/www.vikwine.com\/#\/schema\/person\/image\/","url":"https:\/\/secure.gravatar.com\/avatar\/71a7dea4a9da7d810e52a1b3f59a1092?s=96&d=mm&r=g","contentUrl":"https:\/\/secure.gravatar.com\/avatar\/71a7dea4a9da7d810e52a1b3f59a1092?s=96&d=mm&r=g","caption":"Fe\u00f1a Letelier"},"sameAs":["http:\/\/vikwine.com"],"url":"https:\/\/www.vikwine.com\/pt-br\/author\/mletelier\/"}]}},"_links":{"self":[{"href":"https:\/\/www.vikwine.com\/pt-br\/wp-json\/wp\/v2\/posts\/49377"}],"collection":[{"href":"https:\/\/www.vikwine.com\/pt-br\/wp-json\/wp\/v2\/posts"}],"about":[{"href":"https:\/\/www.vikwine.com\/pt-br\/wp-json\/wp\/v2\/types\/post"}],"author":[{"embeddable":true,"href":"https:\/\/www.vikwine.com\/pt-br\/wp-json\/wp\/v2\/users\/1562"}],"replies":[{"embeddable":true,"href":"https:\/\/www.vikwine.com\/pt-br\/wp-json\/wp\/v2\/comments?post=49377"}],"version-history":[{"count":1,"href":"https:\/\/www.vikwine.com\/pt-br\/wp-json\/wp\/v2\/posts\/49377\/revisions"}],"predecessor-version":[{"id":49382,"href":"https:\/\/www.vikwine.com\/pt-br\/wp-json\/wp\/v2\/posts\/49377\/revisions\/49382"}],"wp:featuredmedia":[{"embeddable":true,"href":"https:\/\/www.vikwine.com\/pt-br\/wp-json\/wp\/v2\/media\/49378"}],"wp:attachment":[{"href":"https:\/\/www.vikwine.com\/pt-br\/wp-json\/wp\/v2\/media?parent=49377"}],"wp:term":[{"taxonomy":"category","embeddable":true,"href":"https:\/\/www.vikwine.com\/pt-br\/wp-json\/wp\/v2\/categories?post=49377"},{"taxonomy":"post_tag","embeddable":true,"href":"https:\/\/www.vikwine.com\/pt-br\/wp-json\/wp\/v2\/tags?post=49377"}],"curies":[{"name":"wp","href":"https:\/\/api.w.org\/{rel}","templated":true}]}}