{"id":38513,"date":"2023-03-15T13:04:26","date_gmt":"2023-03-15T16:04:26","guid":{"rendered":"https:\/\/www.vikwine.com\/?p=38513"},"modified":"2024-06-10T11:54:54","modified_gmt":"2024-06-10T14:54:54","slug":"vik-2019-obtem-95-pontos-de-jane-anson-em-seu-ultimo-relatorio-de-bordeaux-de-marco","status":"publish","type":"post","link":"https:\/\/www.vikwine.com\/pt-br\/vik-2019-obtem-95-pontos-de-jane-anson-em-seu-ultimo-relatorio-de-bordeaux-de-marco\/","title":{"rendered":"VIK 2019 OBT\u00c9M 95 PONTOS DE JANE ANSON EM SEU \u00daLTIMO RELAT\u00d3RIO DE BORDEAUX DE MAR\u00c7O"},"content":{"rendered":"","protected":false},"excerpt":{"rendered":"","protected":false},"author":1299,"featured_media":38484,"comment_status":"closed","ping_status":"closed","sticky":false,"template":"","format":"standard","meta":{"_acf_changed":false,"footnotes":""},"categories":[370],"tags":[],"acf":[],"yoast_head":"<!-- This site is optimized with the Yoast SEO plugin v22.8 - https:\/\/yoast.com\/wordpress\/plugins\/seo\/ -->\n<title>VIK 2019 OBT\u00c9M 95 PONTOS DE JANE ANSON EM SEU \u00daLTIMO RELAT\u00d3RIO DE BORDEAUX DE MAR\u00c7O - Vik<\/title>\n<meta name=\"description\" content=\"Este relat\u00f3rio engloba os vinhos que ser\u00e3o lan\u00e7ados na La Place de Bordeaux em mar\u00e7o de 2023, inclu\u00eddos os r\u00f3tulos que n\u00e3o s\u00e3o provenientes de Bordeaux, com a incorpora\u00e7\u00e3o dos lan\u00e7amentos ex-ch\u00e2teau do Ch\u00e2teau Latour na pr\u00f3xima semana.Como Jane destacou: &quot;A chegada do vinho chileno ViK Millahue com a safra 2019 coincide com o 10\u00baanivers\u00e1rio de lan\u00e7amento de sua primeira safra. Originalmente um corte de cinco variedades, inclui hoje uma combina\u00e7\u00e3o de Cabernet Sauvignon e Cabernet Franc. \u00c9 proveniente de uma propriedade plantada em terras completamente virgens, criando uma nova regi\u00e3o vin\u00edcola em Millahue, no vale do Cachapoal&quot;\" \/>\n<meta name=\"robots\" content=\"index, follow, max-snippet:-1, max-image-preview:large, max-video-preview:-1\" \/>\n<link rel=\"canonical\" href=\"https:\/\/www.vikwine.com\/pt-br\/vik-2019-obtem-95-pontos-de-jane-anson-em-seu-ultimo-relatorio-de-bordeaux-de-marco\/\" \/>\n<meta property=\"og:locale\" content=\"pt_BR\" \/>\n<meta property=\"og:type\" content=\"article\" \/>\n<meta property=\"og:title\" content=\"VIK 2019 OBT\u00c9M 95 PONTOS DE JANE ANSON EM SEU \u00daLTIMO RELAT\u00d3RIO DE BORDEAUX DE MAR\u00c7O - Vik\" \/>\n<meta property=\"og:description\" content=\"Este relat\u00f3rio engloba os vinhos que ser\u00e3o lan\u00e7ados na La Place de Bordeaux em mar\u00e7o de 2023, inclu\u00eddos os r\u00f3tulos que n\u00e3o s\u00e3o provenientes de Bordeaux, com a incorpora\u00e7\u00e3o dos lan\u00e7amentos ex-ch\u00e2teau do Ch\u00e2teau Latour na pr\u00f3xima semana.Como Jane destacou: &quot;A chegada do vinho chileno ViK Millahue com a safra 2019 coincide com o 10\u00baanivers\u00e1rio de lan\u00e7amento de sua primeira safra. Originalmente um corte de cinco variedades, inclui hoje uma combina\u00e7\u00e3o de Cabernet Sauvignon e Cabernet Franc. \u00c9 proveniente de uma propriedade plantada em terras completamente virgens, criando uma nova regi\u00e3o vin\u00edcola em Millahue, no vale do Cachapoal&quot;\" \/>\n<meta property=\"og:url\" content=\"https:\/\/www.vikwine.com\/pt-br\/vik-2019-obtem-95-pontos-de-jane-anson-em-seu-ultimo-relatorio-de-bordeaux-de-marco\/\" \/>\n<meta property=\"og:site_name\" content=\"Vik\" \/>\n<meta property=\"article:published_time\" content=\"2023-03-15T16:04:26+00:00\" \/>\n<meta property=\"article:modified_time\" content=\"2024-06-10T14:54:54+00:00\" \/>\n<meta property=\"og:image\" content=\"https:\/\/www.vikwine.com\/wp-content\/uploads\/2023\/03\/VIK-JANE-ANSON.jpg\" \/>\n\t<meta property=\"og:image:width\" content=\"1366\" \/>\n\t<meta property=\"og:image:height\" content=\"626\" \/>\n\t<meta property=\"og:image:type\" content=\"image\/jpeg\" \/>\n<meta name=\"author\" content=\"Marketing VIK\" \/>\n<meta name=\"twitter:card\" content=\"summary_large_image\" \/>\n<meta name=\"twitter:label1\" content=\"Written by\" \/>\n\t<meta name=\"twitter:data1\" content=\"Marketing VIK\" \/>\n<script type=\"application\/ld+json\" class=\"yoast-schema-graph\">{\"@context\":\"https:\/\/schema.org\",\"@graph\":[{\"@type\":\"WebPage\",\"@id\":\"https:\/\/www.vikwine.com\/pt-br\/vik-2019-obtem-95-pontos-de-jane-anson-em-seu-ultimo-relatorio-de-bordeaux-de-marco\/\",\"url\":\"https:\/\/www.vikwine.com\/pt-br\/vik-2019-obtem-95-pontos-de-jane-anson-em-seu-ultimo-relatorio-de-bordeaux-de-marco\/\",\"name\":\"VIK 2019 OBT\u00c9M 95 PONTOS DE JANE ANSON EM SEU \u00daLTIMO RELAT\u00d3RIO DE BORDEAUX DE MAR\u00c7O - Vik\",\"isPartOf\":{\"@id\":\"https:\/\/www.vikwine.com\/#website\"},\"primaryImageOfPage\":{\"@id\":\"https:\/\/www.vikwine.com\/pt-br\/vik-2019-obtem-95-pontos-de-jane-anson-em-seu-ultimo-relatorio-de-bordeaux-de-marco\/#primaryimage\"},\"image\":{\"@id\":\"https:\/\/www.vikwine.com\/pt-br\/vik-2019-obtem-95-pontos-de-jane-anson-em-seu-ultimo-relatorio-de-bordeaux-de-marco\/#primaryimage\"},\"thumbnailUrl\":\"https:\/\/www.vikwine.com\/wp-content\/uploads\/2023\/03\/VIK-JANE-ANSON.jpg\",\"datePublished\":\"2023-03-15T16:04:26+00:00\",\"dateModified\":\"2024-06-10T14:54:54+00:00\",\"author\":{\"@id\":\"https:\/\/www.vikwine.com\/#\/schema\/person\/209261d538dc8f579677b4534c20ce60\"},\"description\":\"Este relat\u00f3rio engloba os vinhos que ser\u00e3o lan\u00e7ados na La Place de Bordeaux em mar\u00e7o de 2023, inclu\u00eddos os r\u00f3tulos que n\u00e3o s\u00e3o provenientes de Bordeaux, com a incorpora\u00e7\u00e3o dos lan\u00e7amentos ex-ch\u00e2teau do Ch\u00e2teau Latour na pr\u00f3xima semana.Como Jane destacou: \\\"A chegada do vinho chileno ViK Millahue com a safra 2019 coincide com o 10\u00baanivers\u00e1rio de lan\u00e7amento de sua primeira safra. Originalmente um corte de cinco variedades, inclui hoje uma combina\u00e7\u00e3o de Cabernet Sauvignon e Cabernet Franc. \u00c9 proveniente de uma propriedade plantada em terras completamente virgens, criando uma nova regi\u00e3o vin\u00edcola em Millahue, no vale do Cachapoal\\\"\",\"breadcrumb\":{\"@id\":\"https:\/\/www.vikwine.com\/pt-br\/vik-2019-obtem-95-pontos-de-jane-anson-em-seu-ultimo-relatorio-de-bordeaux-de-marco\/#breadcrumb\"},\"inLanguage\":\"pt-BR\",\"potentialAction\":[{\"@type\":\"ReadAction\",\"target\":[\"https:\/\/www.vikwine.com\/pt-br\/vik-2019-obtem-95-pontos-de-jane-anson-em-seu-ultimo-relatorio-de-bordeaux-de-marco\/\"]}]},{\"@type\":\"ImageObject\",\"inLanguage\":\"pt-BR\",\"@id\":\"https:\/\/www.vikwine.com\/pt-br\/vik-2019-obtem-95-pontos-de-jane-anson-em-seu-ultimo-relatorio-de-bordeaux-de-marco\/#primaryimage\",\"url\":\"https:\/\/www.vikwine.com\/wp-content\/uploads\/2023\/03\/VIK-JANE-ANSON.jpg\",\"contentUrl\":\"https:\/\/www.vikwine.com\/wp-content\/uploads\/2023\/03\/VIK-JANE-ANSON.jpg\",\"width\":1366,\"height\":626},{\"@type\":\"BreadcrumbList\",\"@id\":\"https:\/\/www.vikwine.com\/pt-br\/vik-2019-obtem-95-pontos-de-jane-anson-em-seu-ultimo-relatorio-de-bordeaux-de-marco\/#breadcrumb\",\"itemListElement\":[{\"@type\":\"ListItem\",\"position\":1,\"name\":\"Home\",\"item\":\"https:\/\/www.vikwine.com\/pt-br\/\"},{\"@type\":\"ListItem\",\"position\":2,\"name\":\"VIK 2019 OBT\u00c9M 95 PONTOS DE JANE ANSON EM SEU \u00daLTIMO RELAT\u00d3RIO DE BORDEAUX DE MAR\u00c7O\"}]},{\"@type\":\"WebSite\",\"@id\":\"https:\/\/www.vikwine.com\/#website\",\"url\":\"https:\/\/www.vikwine.com\/\",\"name\":\"Vik\",\"description\":\"Vi\u00f1a Hol\u00edstica\",\"potentialAction\":[{\"@type\":\"SearchAction\",\"target\":{\"@type\":\"EntryPoint\",\"urlTemplate\":\"https:\/\/www.vikwine.com\/?s={search_term_string}\"},\"query-input\":\"required name=search_term_string\"}],\"inLanguage\":\"pt-BR\"},{\"@type\":\"Person\",\"@id\":\"https:\/\/www.vikwine.com\/#\/schema\/person\/209261d538dc8f579677b4534c20ce60\",\"name\":\"Marketing VIK\",\"image\":{\"@type\":\"ImageObject\",\"inLanguage\":\"pt-BR\",\"@id\":\"https:\/\/www.vikwine.com\/#\/schema\/person\/image\/\",\"url\":\"https:\/\/secure.gravatar.com\/avatar\/0e81589edf6a423dbdc2cfd283ee9e2b?s=96&d=mm&r=g\",\"contentUrl\":\"https:\/\/secure.gravatar.com\/avatar\/0e81589edf6a423dbdc2cfd283ee9e2b?s=96&d=mm&r=g\",\"caption\":\"Marketing VIK\"},\"url\":\"https:\/\/www.vikwine.com\/pt-br\/author\/contenidos-edgy\/\"}]}<\/script>\n<!-- \/ Yoast SEO plugin. -->","yoast_head_json":{"title":"VIK 2019 OBT\u00c9M 95 PONTOS DE JANE ANSON EM SEU \u00daLTIMO RELAT\u00d3RIO DE BORDEAUX DE MAR\u00c7O - Vik","description":"Este relat\u00f3rio engloba os vinhos que ser\u00e3o lan\u00e7ados na La Place de Bordeaux em mar\u00e7o de 2023, inclu\u00eddos os r\u00f3tulos que n\u00e3o s\u00e3o provenientes de Bordeaux, com a incorpora\u00e7\u00e3o dos lan\u00e7amentos ex-ch\u00e2teau do Ch\u00e2teau Latour na pr\u00f3xima semana.Como Jane destacou: \"A chegada do vinho chileno ViK Millahue com a safra 2019 coincide com o 10\u00baanivers\u00e1rio de lan\u00e7amento de sua primeira safra. Originalmente um corte de cinco variedades, inclui hoje uma combina\u00e7\u00e3o de Cabernet Sauvignon e Cabernet Franc. \u00c9 proveniente de uma propriedade plantada em terras completamente virgens, criando uma nova regi\u00e3o vin\u00edcola em Millahue, no vale do Cachapoal\"","robots":{"index":"index","follow":"follow","max-snippet":"max-snippet:-1","max-image-preview":"max-image-preview:large","max-video-preview":"max-video-preview:-1"},"canonical":"https:\/\/www.vikwine.com\/pt-br\/vik-2019-obtem-95-pontos-de-jane-anson-em-seu-ultimo-relatorio-de-bordeaux-de-marco\/","og_locale":"pt_BR","og_type":"article","og_title":"VIK 2019 OBT\u00c9M 95 PONTOS DE JANE ANSON EM SEU \u00daLTIMO RELAT\u00d3RIO DE BORDEAUX DE MAR\u00c7O - Vik","og_description":"Este relat\u00f3rio engloba os vinhos que ser\u00e3o lan\u00e7ados na La Place de Bordeaux em mar\u00e7o de 2023, inclu\u00eddos os r\u00f3tulos que n\u00e3o s\u00e3o provenientes de Bordeaux, com a incorpora\u00e7\u00e3o dos lan\u00e7amentos ex-ch\u00e2teau do Ch\u00e2teau Latour na pr\u00f3xima semana.Como Jane destacou: \"A chegada do vinho chileno ViK Millahue com a safra 2019 coincide com o 10\u00baanivers\u00e1rio de lan\u00e7amento de sua primeira safra. Originalmente um corte de cinco variedades, inclui hoje uma combina\u00e7\u00e3o de Cabernet Sauvignon e Cabernet Franc. \u00c9 proveniente de uma propriedade plantada em terras completamente virgens, criando uma nova regi\u00e3o vin\u00edcola em Millahue, no vale do Cachapoal\"","og_url":"https:\/\/www.vikwine.com\/pt-br\/vik-2019-obtem-95-pontos-de-jane-anson-em-seu-ultimo-relatorio-de-bordeaux-de-marco\/","og_site_name":"Vik","article_published_time":"2023-03-15T16:04:26+00:00","article_modified_time":"2024-06-10T14:54:54+00:00","og_image":[{"width":1366,"height":626,"url":"https:\/\/www.vikwine.com\/wp-content\/uploads\/2023\/03\/VIK-JANE-ANSON.jpg","type":"image\/jpeg"}],"author":"Marketing VIK","twitter_card":"summary_large_image","twitter_misc":{"Written by":"Marketing VIK"},"schema":{"@context":"https:\/\/schema.org","@graph":[{"@type":"WebPage","@id":"https:\/\/www.vikwine.com\/pt-br\/vik-2019-obtem-95-pontos-de-jane-anson-em-seu-ultimo-relatorio-de-bordeaux-de-marco\/","url":"https:\/\/www.vikwine.com\/pt-br\/vik-2019-obtem-95-pontos-de-jane-anson-em-seu-ultimo-relatorio-de-bordeaux-de-marco\/","name":"VIK 2019 OBT\u00c9M 95 PONTOS DE JANE ANSON EM SEU \u00daLTIMO RELAT\u00d3RIO DE BORDEAUX DE MAR\u00c7O - Vik","isPartOf":{"@id":"https:\/\/www.vikwine.com\/#website"},"primaryImageOfPage":{"@id":"https:\/\/www.vikwine.com\/pt-br\/vik-2019-obtem-95-pontos-de-jane-anson-em-seu-ultimo-relatorio-de-bordeaux-de-marco\/#primaryimage"},"image":{"@id":"https:\/\/www.vikwine.com\/pt-br\/vik-2019-obtem-95-pontos-de-jane-anson-em-seu-ultimo-relatorio-de-bordeaux-de-marco\/#primaryimage"},"thumbnailUrl":"https:\/\/www.vikwine.com\/wp-content\/uploads\/2023\/03\/VIK-JANE-ANSON.jpg","datePublished":"2023-03-15T16:04:26+00:00","dateModified":"2024-06-10T14:54:54+00:00","author":{"@id":"https:\/\/www.vikwine.com\/#\/schema\/person\/209261d538dc8f579677b4534c20ce60"},"description":"Este relat\u00f3rio engloba os vinhos que ser\u00e3o lan\u00e7ados na La Place de Bordeaux em mar\u00e7o de 2023, inclu\u00eddos os r\u00f3tulos que n\u00e3o s\u00e3o provenientes de Bordeaux, com a incorpora\u00e7\u00e3o dos lan\u00e7amentos ex-ch\u00e2teau do Ch\u00e2teau Latour na pr\u00f3xima semana.Como Jane destacou: \"A chegada do vinho chileno ViK Millahue com a safra 2019 coincide com o 10\u00baanivers\u00e1rio de lan\u00e7amento de sua primeira safra. Originalmente um corte de cinco variedades, inclui hoje uma combina\u00e7\u00e3o de Cabernet Sauvignon e Cabernet Franc. \u00c9 proveniente de uma propriedade plantada em terras completamente virgens, criando uma nova regi\u00e3o vin\u00edcola em Millahue, no vale do Cachapoal\"","breadcrumb":{"@id":"https:\/\/www.vikwine.com\/pt-br\/vik-2019-obtem-95-pontos-de-jane-anson-em-seu-ultimo-relatorio-de-bordeaux-de-marco\/#breadcrumb"},"inLanguage":"pt-BR","potentialAction":[{"@type":"ReadAction","target":["https:\/\/www.vikwine.com\/pt-br\/vik-2019-obtem-95-pontos-de-jane-anson-em-seu-ultimo-relatorio-de-bordeaux-de-marco\/"]}]},{"@type":"ImageObject","inLanguage":"pt-BR","@id":"https:\/\/www.vikwine.com\/pt-br\/vik-2019-obtem-95-pontos-de-jane-anson-em-seu-ultimo-relatorio-de-bordeaux-de-marco\/#primaryimage","url":"https:\/\/www.vikwine.com\/wp-content\/uploads\/2023\/03\/VIK-JANE-ANSON.jpg","contentUrl":"https:\/\/www.vikwine.com\/wp-content\/uploads\/2023\/03\/VIK-JANE-ANSON.jpg","width":1366,"height":626},{"@type":"BreadcrumbList","@id":"https:\/\/www.vikwine.com\/pt-br\/vik-2019-obtem-95-pontos-de-jane-anson-em-seu-ultimo-relatorio-de-bordeaux-de-marco\/#breadcrumb","itemListElement":[{"@type":"ListItem","position":1,"name":"Home","item":"https:\/\/www.vikwine.com\/pt-br\/"},{"@type":"ListItem","position":2,"name":"VIK 2019 OBT\u00c9M 95 PONTOS DE JANE ANSON EM SEU \u00daLTIMO RELAT\u00d3RIO DE BORDEAUX DE MAR\u00c7O"}]},{"@type":"WebSite","@id":"https:\/\/www.vikwine.com\/#website","url":"https:\/\/www.vikwine.com\/","name":"Vik","description":"Vi\u00f1a Hol\u00edstica","potentialAction":[{"@type":"SearchAction","target":{"@type":"EntryPoint","urlTemplate":"https:\/\/www.vikwine.com\/?s={search_term_string}"},"query-input":"required name=search_term_string"}],"inLanguage":"pt-BR"},{"@type":"Person","@id":"https:\/\/www.vikwine.com\/#\/schema\/person\/209261d538dc8f579677b4534c20ce60","name":"Marketing VIK","image":{"@type":"ImageObject","inLanguage":"pt-BR","@id":"https:\/\/www.vikwine.com\/#\/schema\/person\/image\/","url":"https:\/\/secure.gravatar.com\/avatar\/0e81589edf6a423dbdc2cfd283ee9e2b?s=96&d=mm&r=g","contentUrl":"https:\/\/secure.gravatar.com\/avatar\/0e81589edf6a423dbdc2cfd283ee9e2b?s=96&d=mm&r=g","caption":"Marketing VIK"},"url":"https:\/\/www.vikwine.com\/pt-br\/author\/contenidos-edgy\/"}]}},"_links":{"self":[{"href":"https:\/\/www.vikwine.com\/pt-br\/wp-json\/wp\/v2\/posts\/38513"}],"collection":[{"href":"https:\/\/www.vikwine.com\/pt-br\/wp-json\/wp\/v2\/posts"}],"about":[{"href":"https:\/\/www.vikwine.com\/pt-br\/wp-json\/wp\/v2\/types\/post"}],"author":[{"embeddable":true,"href":"https:\/\/www.vikwine.com\/pt-br\/wp-json\/wp\/v2\/users\/1299"}],"replies":[{"embeddable":true,"href":"https:\/\/www.vikwine.com\/pt-br\/wp-json\/wp\/v2\/comments?post=38513"}],"version-history":[{"count":4,"href":"https:\/\/www.vikwine.com\/pt-br\/wp-json\/wp\/v2\/posts\/38513\/revisions"}],"predecessor-version":[{"id":38517,"href":"https:\/\/www.vikwine.com\/pt-br\/wp-json\/wp\/v2\/posts\/38513\/revisions\/38517"}],"wp:featuredmedia":[{"embeddable":true,"href":"https:\/\/www.vikwine.com\/pt-br\/wp-json\/wp\/v2\/media\/38484"}],"wp:attachment":[{"href":"https:\/\/www.vikwine.com\/pt-br\/wp-json\/wp\/v2\/media?parent=38513"}],"wp:term":[{"taxonomy":"category","embeddable":true,"href":"https:\/\/www.vikwine.com\/pt-br\/wp-json\/wp\/v2\/categories?post=38513"},{"taxonomy":"post_tag","embeddable":true,"href":"https:\/\/www.vikwine.com\/pt-br\/wp-json\/wp\/v2\/tags?post=38513"}],"curies":[{"name":"wp","href":"https:\/\/api.w.org\/{rel}","templated":true}]}}